{"id":405,"date":"2023-12-15T00:35:30","date_gmt":"2023-12-14T23:35:30","guid":{"rendered":"https:\/\/cms.upc.edu\/blog\/?p=405"},"modified":"2023-12-15T00:35:30","modified_gmt":"2023-12-14T23:35:30","slug":"el-campus-de-la-mobilitat-sostenible-acull-la-clausura-del-carmat","status":"publish","type":"post","link":"https:\/\/cms.upc.edu\/blog\/el-campus-de-la-mobilitat-sostenible-acull-la-clausura-del-carmat\/","title":{"rendered":"El Campus de la Mobilitat Sostenible acull la clausura del CARMAT"},"content":{"rendered":"<p>L\u2019auditori del <strong>Campus FPCAT-UPC de la Mobilitat Sostenible de Martorell<\/strong> ha acollit aquest dimecres 13 de desembre la clausura del m\u00e0ster <strong><em>CARMAT. Carrosseria i materials d\u2019automoci\u00f3<\/em><\/strong>. Un acte que va consistir en la presentaci\u00f3 dels <strong>Treballs Finals de M\u00e0ster (TFM)<\/strong> per part alumnes que van defensar els seus projectes davant del tribunal seleccionat per l\u2019ocasi\u00f3. En total es van presentar quatre TFM, cadascun d\u2019ells centrat en el disseny d\u2019un nou component per al vehicle:<\/p>\n<ul>\n<li><strong><em>Desarrollo del Montante A. SEAT Le\u00f3n MKIII (SE370)<\/em><\/strong>, dels alumnes Juan Mart\u00edn Hoyos, Jordi Borb\u00f3n, Xavier Amen\u00f3s i Jonathan Espa\u00f1a.<\/li>\n<li><strong><em>Desarrollo Revestimiento Montante A<\/em><\/strong>, dels alumnes Carles Franco, Angel Luelmo i David Ram\u00edrez<\/li>\n<li><strong><em>Dise\u00f1o y Desarrollo de piezas de chapa del Montante B<\/em><\/strong>, dels alumnes Alfredo Alameda, Edward C\u00e9sar Herrera i Brian Navas.<\/li>\n<li><strong><em>Revestimiento del Montante B para el Seat Le\u00f3n 370<\/em><\/strong>, dels alumnes Gustavo Hern\u00e1ndez, Joaquim Puigjaner i Mitesh Patel<\/li>\n<\/ul>\n<p>El jurat, format per professionals i experts en el sector de l\u2019automoci\u00f3, va estar integrat per quatre membres: <strong>Henrico Puttenstein<\/strong>, Head of bumper &amp; frontend Development SEAT &amp; CUPRA; <strong>Jaume Sabat\u00e9<\/strong>, director del Departament de C\u00e0lcul Btech; <strong>Enrique Loste Mart\u00edn<\/strong>, responsable d&#8217;Acabats Interns de SEAT i <strong>Jos\u00e9 Manuel Barrios<\/strong>, responsable de Digitalitzaci\u00f3 i Solucions Applus+ IDIADA.<\/p>\n<p><img decoding=\"async\" loading=\"lazy\" class=\"wp-image-412 size-large aligncenter\" src=\"https:\/\/cms.upc.edu\/blog\/wp-content\/uploads\/2023\/12\/13.12.CARMAT.12-1024x655.jpeg\" alt=\"\" width=\"1024\" height=\"655\" srcset=\"https:\/\/cms.upc.edu\/blog\/wp-content\/uploads\/2023\/12\/13.12.CARMAT.12-1024x655.jpeg 1024w, https:\/\/cms.upc.edu\/blog\/wp-content\/uploads\/2023\/12\/13.12.CARMAT.12-300x192.jpeg 300w, https:\/\/cms.upc.edu\/blog\/wp-content\/uploads\/2023\/12\/13.12.CARMAT.12-768x491.jpeg 768w, https:\/\/cms.upc.edu\/blog\/wp-content\/uploads\/2023\/12\/13.12.CARMAT.12-1536x982.jpeg 1536w, https:\/\/cms.upc.edu\/blog\/wp-content\/uploads\/2023\/12\/13.12.CARMAT.12.jpeg 1966w\" sizes=\"(max-width: 1024px) 100vw, 1024px\" \/><\/p>\n<p>L\u2019acte va comen\u00e7ar amb la benvinguda per part dels responsables del <strong>Campus FPCAT-UPC de la Mobilitat Sostenible<\/strong> i, tot seguit, va ser el torn del <strong>Javier Luz\u00f3n<\/strong>, Head Vehicle Safety de SEAT, i d&#8217;<strong>Edwin Samir Pinto<\/strong>, professor lector de la UPC, que es van encarregar de presentar els membres del jurat i de donar pas a les presentacions dels treballs dels estudiants. L\u2019encarregat de cloure l\u2019acte va ser <strong>Francisco De \u00c1lvaro, <\/strong>director de Desenvolupament de Carrosseria del Centre T\u00e8cnic de SEAT. Despr\u00e9s de la pertinent fotografia de fam\u00edlia, els participants van donar per finalitzar l\u2019acte amb una copa de cava a la cafeteria del CAMPUS.<\/p>\n<h3><strong>El CARMAT es trasllada a Martorell<\/strong><\/h3>\n<p>La nova edici\u00f3 del m\u00e0ster comen\u00e7ar\u00e0 el 19 de febrer de 2024 i la principal novetat ser\u00e0 que s\u2019organitzar\u00e0 al <strong>Campus FPCAT-UPC de la Mobilitat Sostenible de Martorell<\/strong>. Ser\u00e0 la primera vegada que el programa tindr\u00e0 lloc a les aules del centre sota la direcci\u00f3 acad\u00e8mica de <strong>Lluc Canals<\/strong>, professor agregat del Departament d\u2019enginyeria de Projectes i de la Construcci\u00f3 de la UPC, i del mateix <strong>Javier Luz\u00f3n<\/strong>.<\/p>\n<p>El m\u00e0ster ofereix als alumnes una metodologia disruptiva i efica\u00e7 que alterna sessions te\u00f2riques i pr\u00e0ctiques al voltant de la carrosseria i l\u2019automoci\u00f3. El professorat \u00e9s altament qualificat i amb el segell de la UPC. Aquest, a m\u00e9s a m\u00e9s, tamb\u00e9 inclou visites a les instal\u00b7lacions de <strong>SEAT<\/strong>, col\u00b7laborador principal, i posa a l\u2019abast dels seus alumnes un programa de pr\u00e0ctiques propi.<\/p>\n<p>Es pot consultar tota la informaci\u00f3 del m\u00e0ster en <a href=\"https:\/\/cms.upc.edu\/cat\/estudis\/formacio\/curs\/200100\/master-formacio-permanent-carmat-carrosseria-materials-automocio\/\">aquest enlla\u00e7.<\/a><\/p>\n<p><img decoding=\"async\" loading=\"lazy\" class=\"aligncenter wp-image-414 size-large\" src=\"https:\/\/cms.upc.edu\/blog\/wp-content\/uploads\/2023\/12\/13.12.CARMAT.10-1024x574.jpeg\" alt=\"\" width=\"1024\" height=\"574\" srcset=\"https:\/\/cms.upc.edu\/blog\/wp-content\/uploads\/2023\/12\/13.12.CARMAT.10-1024x574.jpeg 1024w, https:\/\/cms.upc.edu\/blog\/wp-content\/uploads\/2023\/12\/13.12.CARMAT.10-300x168.jpeg 300w, https:\/\/cms.upc.edu\/blog\/wp-content\/uploads\/2023\/12\/13.12.CARMAT.10-768x431.jpeg 768w, https:\/\/cms.upc.edu\/blog\/wp-content\/uploads\/2023\/12\/13.12.CARMAT.10-1536x862.jpeg 1536w, https:\/\/cms.upc.edu\/blog\/wp-content\/uploads\/2023\/12\/13.12.CARMAT.10-2048x1149.jpeg 2048w\" sizes=\"(max-width: 1024px) 100vw, 1024px\" \/><\/p>\n<p><img decoding=\"async\" loading=\"lazy\" class=\"aligncenter wp-image-418 size-large\" src=\"https:\/\/cms.upc.edu\/blog\/wp-content\/uploads\/2023\/12\/13.12.CARMAT.5-1024x771.jpeg\" alt=\"\" width=\"1024\" height=\"771\" srcset=\"https:\/\/cms.upc.edu\/blog\/wp-content\/uploads\/2023\/12\/13.12.CARMAT.5-1024x771.jpeg 1024w, https:\/\/cms.upc.edu\/blog\/wp-content\/uploads\/2023\/12\/13.12.CARMAT.5-300x226.jpeg 300w, https:\/\/cms.upc.edu\/blog\/wp-content\/uploads\/2023\/12\/13.12.CARMAT.5-768x578.jpeg 768w, https:\/\/cms.upc.edu\/blog\/wp-content\/uploads\/2023\/12\/13.12.CARMAT.5-1536x1156.jpeg 1536w, https:\/\/cms.upc.edu\/blog\/wp-content\/uploads\/2023\/12\/13.12.CARMAT.5-500x375.jpeg 500w, https:\/\/cms.upc.edu\/blog\/wp-content\/uploads\/2023\/12\/13.12.CARMAT.5.jpeg 1577w\" sizes=\"(max-width: 1024px) 100vw, 1024px\" \/><\/p>\n<p><img decoding=\"async\" loading=\"lazy\" class=\"aligncenter wp-image-416 size-large\" src=\"https:\/\/cms.upc.edu\/blog\/wp-content\/uploads\/2023\/12\/13.12.CARMAT.4-1024x640.jpeg\" alt=\"\" width=\"1024\" height=\"640\" srcset=\"https:\/\/cms.upc.edu\/blog\/wp-content\/uploads\/2023\/12\/13.12.CARMAT.4-1024x640.jpeg 1024w, https:\/\/cms.upc.edu\/blog\/wp-content\/uploads\/2023\/12\/13.12.CARMAT.4-300x187.jpeg 300w, https:\/\/cms.upc.edu\/blog\/wp-content\/uploads\/2023\/12\/13.12.CARMAT.4-768x480.jpeg 768w, https:\/\/cms.upc.edu\/blog\/wp-content\/uploads\/2023\/12\/13.12.CARMAT.4-1536x960.jpeg 1536w, https:\/\/cms.upc.edu\/blog\/wp-content\/uploads\/2023\/12\/13.12.CARMAT.4.jpeg 1981w\" sizes=\"(max-width: 1024px) 100vw, 1024px\" \/><\/p>\n<p><img decoding=\"async\" loading=\"lazy\" class=\"wp-image-409 size-large aligncenter\" src=\"https:\/\/cms.upc.edu\/blog\/wp-content\/uploads\/2023\/12\/13.12.CARMAT.6-1024x631.jpeg\" alt=\"\" width=\"1024\" height=\"631\" srcset=\"https:\/\/cms.upc.edu\/blog\/wp-content\/uploads\/2023\/12\/13.12.CARMAT.6-1024x631.jpeg 1024w, https:\/\/cms.upc.edu\/blog\/wp-content\/uploads\/2023\/12\/13.12.CARMAT.6-300x185.jpeg 300w, https:\/\/cms.upc.edu\/blog\/wp-content\/uploads\/2023\/12\/13.12.CARMAT.6-768x473.jpeg 768w, https:\/\/cms.upc.edu\/blog\/wp-content\/uploads\/2023\/12\/13.12.CARMAT.6-1536x946.jpeg 1536w, https:\/\/cms.upc.edu\/blog\/wp-content\/uploads\/2023\/12\/13.12.CARMAT.6-2048x1261.jpeg 2048w\" sizes=\"(max-width: 1024px) 100vw, 1024px\" \/><\/p>\n","protected":false},"excerpt":{"rendered":"<p>L\u2019auditori del Campus FPCAT-UPC de la Mobilitat Sostenible de Martorell ha acollit aquest dimecres 13 de desembre la clausura del m\u00e0ster CARMAT. Carrosseria i materials d\u2019automoci\u00f3. Un acte que va consistir en la presentaci\u00f3 dels Treballs Finals de M\u00e0ster (TFM) per part alumnes que van defensar els seus projectes davant del tribunal seleccionat per l\u2019ocasi\u00f3. [&hellip;]<\/p>\n","protected":false},"author":2,"featured_media":406,"comment_status":"open","ping_status":"open","sticky":false,"template":"","format":"standard","meta":{"footnotes":""},"categories":[3],"tags":[36,18,35,14,16,19,31,28,11,30],"yoast_head":"<!-- This site is optimized with the Yoast SEO plugin v22.5 - https:\/\/yoast.com\/wordpress\/plugins\/seo\/ -->\n<title>El Campus de la Mobilitat Sostenible acull la clausura del CARMAT - Campus FPCAT-UPC de la Mobilitat Sostenible (Martorell)<\/title>\n<meta name=\"robots\" content=\"index, follow, max-snippet:-1, max-image-preview:large, max-video-preview:-1\" \/>\n<link rel=\"canonical\" href=\"https:\/\/cms.upc.edu\/blog\/el-campus-de-la-mobilitat-sostenible-acull-la-clausura-del-carmat\/\" \/>\n<meta property=\"og:locale\" content=\"ca_ES\" \/>\n<meta property=\"og:type\" content=\"article\" \/>\n<meta property=\"og:title\" content=\"El Campus de la Mobilitat Sostenible acull la clausura del CARMAT - Campus FPCAT-UPC de la Mobilitat Sostenible (Martorell)\" \/>\n<meta property=\"og:description\" content=\"L\u2019auditori del Campus FPCAT-UPC de la Mobilitat Sostenible de Martorell ha acollit aquest dimecres 13 de desembre la clausura del m\u00e0ster CARMAT. Carrosseria i materials d\u2019automoci\u00f3. Un acte que va consistir en la presentaci\u00f3 dels Treballs Finals de M\u00e0ster (TFM) per part alumnes que van defensar els seus projectes davant del tribunal seleccionat per l\u2019ocasi\u00f3. [&hellip;]\" \/>\n<meta property=\"og:url\" content=\"https:\/\/cms.upc.edu\/blog\/el-campus-de-la-mobilitat-sostenible-acull-la-clausura-del-carmat\/\" \/>\n<meta property=\"og:site_name\" content=\"Campus FPCAT-UPC de la Mobilitat Sostenible (Martorell)\" \/>\n<meta property=\"article:published_time\" content=\"2023-12-14T23:35:30+00:00\" \/>\n<meta property=\"og:image\" content=\"https:\/\/cms.upc.edu\/blog\/wp-content\/uploads\/2023\/12\/13.12.CARMAT.2.jpeg\" \/>\n\t<meta property=\"og:image:width\" content=\"1917\" \/>\n\t<meta property=\"og:image:height\" content=\"1411\" \/>\n\t<meta property=\"og:image:type\" content=\"image\/jpeg\" \/>\n<meta name=\"author\" content=\"Marketing CMS\" \/>\n<meta name=\"twitter:card\" content=\"summary_large_image\" \/>\n<meta name=\"twitter:label1\" content=\"Written by\" \/>\n\t<meta name=\"twitter:data1\" content=\"Marketing CMS\" \/>\n\t<meta name=\"twitter:label2\" content=\"Est. reading time\" \/>\n\t<meta name=\"twitter:data2\" content=\"4 minuts\" \/>\n<script type=\"application\/ld+json\" class=\"yoast-schema-graph\">{\"@context\":\"https:\/\/schema.org\",\"@graph\":[{\"@type\":\"Article\",\"@id\":\"https:\/\/cms.upc.edu\/blog\/el-campus-de-la-mobilitat-sostenible-acull-la-clausura-del-carmat\/#article\",\"isPartOf\":{\"@id\":\"https:\/\/cms.upc.edu\/blog\/el-campus-de-la-mobilitat-sostenible-acull-la-clausura-del-carmat\/\"},\"author\":{\"name\":\"Marketing CMS\",\"@id\":\"https:\/\/cms.upc.edu\/blog\/#\/schema\/person\/0f3e6e8108ed3bce37f4c364dff9f128\"},\"headline\":\"El Campus de la Mobilitat Sostenible acull la clausura del CARMAT\",\"datePublished\":\"2023-12-14T23:35:30+00:00\",\"dateModified\":\"2023-12-14T23:35:30+00:00\",\"mainEntityOfPage\":{\"@id\":\"https:\/\/cms.upc.edu\/blog\/el-campus-de-la-mobilitat-sostenible-acull-la-clausura-del-carmat\/\"},\"wordCount\":506,\"commentCount\":0,\"publisher\":{\"@id\":\"https:\/\/cms.upc.edu\/blog\/#organization\"},\"image\":{\"@id\":\"https:\/\/cms.upc.edu\/blog\/el-campus-de-la-mobilitat-sostenible-acull-la-clausura-del-carmat\/#primaryimage\"},\"thumbnailUrl\":\"https:\/\/cms.upc.edu\/blog\/wp-content\/uploads\/2023\/12\/13.12.CARMAT.2.jpeg\",\"keywords\":[\"CAMPUS Mobilitat Sostenible\",\"CARMAT\",\"carrosseria\",\"CMS UPC\",\"Cotxe Aut\u00f2nom\",\"Formaci\u00f3 en Automoci\u00f3\",\"Martorell\",\"m\u00e0ster\",\"Mobilitat Sostenible\",\"SEAT\"],\"articleSection\":[\"ACTUALITAT\"],\"inLanguage\":\"ca\",\"potentialAction\":[{\"@type\":\"CommentAction\",\"name\":\"Comment\",\"target\":[\"https:\/\/cms.upc.edu\/blog\/el-campus-de-la-mobilitat-sostenible-acull-la-clausura-del-carmat\/#respond\"]}]},{\"@type\":\"WebPage\",\"@id\":\"https:\/\/cms.upc.edu\/blog\/el-campus-de-la-mobilitat-sostenible-acull-la-clausura-del-carmat\/\",\"url\":\"https:\/\/cms.upc.edu\/blog\/el-campus-de-la-mobilitat-sostenible-acull-la-clausura-del-carmat\/\",\"name\":\"El Campus de la Mobilitat Sostenible acull la clausura del CARMAT - Campus FPCAT-UPC de la Mobilitat Sostenible (Martorell)\",\"isPartOf\":{\"@id\":\"https:\/\/cms.upc.edu\/blog\/#website\"},\"primaryImageOfPage\":{\"@id\":\"https:\/\/cms.upc.edu\/blog\/el-campus-de-la-mobilitat-sostenible-acull-la-clausura-del-carmat\/#primaryimage\"},\"image\":{\"@id\":\"https:\/\/cms.upc.edu\/blog\/el-campus-de-la-mobilitat-sostenible-acull-la-clausura-del-carmat\/#primaryimage\"},\"thumbnailUrl\":\"https:\/\/cms.upc.edu\/blog\/wp-content\/uploads\/2023\/12\/13.12.CARMAT.2.jpeg\",\"datePublished\":\"2023-12-14T23:35:30+00:00\",\"dateModified\":\"2023-12-14T23:35:30+00:00\",\"breadcrumb\":{\"@id\":\"https:\/\/cms.upc.edu\/blog\/el-campus-de-la-mobilitat-sostenible-acull-la-clausura-del-carmat\/#breadcrumb\"},\"inLanguage\":\"ca\",\"potentialAction\":[{\"@type\":\"ReadAction\",\"target\":[\"https:\/\/cms.upc.edu\/blog\/el-campus-de-la-mobilitat-sostenible-acull-la-clausura-del-carmat\/\"]}]},{\"@type\":\"ImageObject\",\"inLanguage\":\"ca\",\"@id\":\"https:\/\/cms.upc.edu\/blog\/el-campus-de-la-mobilitat-sostenible-acull-la-clausura-del-carmat\/#primaryimage\",\"url\":\"https:\/\/cms.upc.edu\/blog\/wp-content\/uploads\/2023\/12\/13.12.CARMAT.2.jpeg\",\"contentUrl\":\"https:\/\/cms.upc.edu\/blog\/wp-content\/uploads\/2023\/12\/13.12.CARMAT.2.jpeg\",\"width\":1917,\"height\":1411},{\"@type\":\"BreadcrumbList\",\"@id\":\"https:\/\/cms.upc.edu\/blog\/el-campus-de-la-mobilitat-sostenible-acull-la-clausura-del-carmat\/#breadcrumb\",\"itemListElement\":[{\"@type\":\"ListItem\",\"position\":1,\"name\":\"Home\",\"item\":\"https:\/\/cms.upc.edu\/blog\/\"},{\"@type\":\"ListItem\",\"position\":2,\"name\":\"El Campus de la Mobilitat Sostenible acull la clausura del CARMAT\"}]},{\"@type\":\"WebSite\",\"@id\":\"https:\/\/cms.upc.edu\/blog\/#website\",\"url\":\"https:\/\/cms.upc.edu\/blog\/\",\"name\":\"Campus FPCAT-UPC de la Mobilitat Sostenible (Martorell)\",\"description\":\"\",\"publisher\":{\"@id\":\"https:\/\/cms.upc.edu\/blog\/#organization\"},\"potentialAction\":[{\"@type\":\"SearchAction\",\"target\":{\"@type\":\"EntryPoint\",\"urlTemplate\":\"https:\/\/cms.upc.edu\/blog\/?s={search_term_string}\"},\"query-input\":\"required name=search_term_string\"}],\"inLanguage\":\"ca\"},{\"@type\":\"Organization\",\"@id\":\"https:\/\/cms.upc.edu\/blog\/#organization\",\"name\":\"Campus FPCAT-UPC de la Mobilitat Sostenible (Martorell)\",\"url\":\"https:\/\/cms.upc.edu\/blog\/\",\"logo\":{\"@type\":\"ImageObject\",\"inLanguage\":\"ca\",\"@id\":\"https:\/\/cms.upc.edu\/blog\/#\/schema\/logo\/image\/\",\"url\":\"https:\/\/cms.upc.edu\/blog\/wp-content\/uploads\/2023\/10\/cropped-Logo-complet-2-e1698626938696-3.png\",\"contentUrl\":\"https:\/\/cms.upc.edu\/blog\/wp-content\/uploads\/2023\/10\/cropped-Logo-complet-2-e1698626938696-3.png\",\"width\":397,\"height\":70,\"caption\":\"Campus FPCAT-UPC de la Mobilitat Sostenible (Martorell)\"},\"image\":{\"@id\":\"https:\/\/cms.upc.edu\/blog\/#\/schema\/logo\/image\/\"}},{\"@type\":\"Person\",\"@id\":\"https:\/\/cms.upc.edu\/blog\/#\/schema\/person\/0f3e6e8108ed3bce37f4c364dff9f128\",\"name\":\"Marketing CMS\",\"image\":{\"@type\":\"ImageObject\",\"inLanguage\":\"ca\",\"@id\":\"https:\/\/cms.upc.edu\/blog\/#\/schema\/person\/image\/\",\"url\":\"https:\/\/secure.gravatar.com\/avatar\/28b481434c3d928531a96171cc304eb1?s=96&d=mm&r=g\",\"contentUrl\":\"https:\/\/secure.gravatar.com\/avatar\/28b481434c3d928531a96171cc304eb1?s=96&d=mm&r=g\",\"caption\":\"Marketing CMS\"},\"url\":\"https:\/\/cms.upc.edu\/blog\/author\/marketingcms\/\"}]}<\/script>\n<!-- \/ Yoast SEO plugin. -->","yoast_head_json":{"title":"El Campus de la Mobilitat Sostenible acull la clausura del CARMAT - Campus FPCAT-UPC de la Mobilitat Sostenible (Martorell)","robots":{"index":"index","follow":"follow","max-snippet":"max-snippet:-1","max-image-preview":"max-image-preview:large","max-video-preview":"max-video-preview:-1"},"canonical":"https:\/\/cms.upc.edu\/blog\/el-campus-de-la-mobilitat-sostenible-acull-la-clausura-del-carmat\/","og_locale":"ca_ES","og_type":"article","og_title":"El Campus de la Mobilitat Sostenible acull la clausura del CARMAT - Campus FPCAT-UPC de la Mobilitat Sostenible (Martorell)","og_description":"L\u2019auditori del Campus FPCAT-UPC de la Mobilitat Sostenible de Martorell ha acollit aquest dimecres 13 de desembre la clausura del m\u00e0ster CARMAT. Carrosseria i materials d\u2019automoci\u00f3. Un acte que va consistir en la presentaci\u00f3 dels Treballs Finals de M\u00e0ster (TFM) per part alumnes que van defensar els seus projectes davant del tribunal seleccionat per l\u2019ocasi\u00f3. [&hellip;]","og_url":"https:\/\/cms.upc.edu\/blog\/el-campus-de-la-mobilitat-sostenible-acull-la-clausura-del-carmat\/","og_site_name":"Campus FPCAT-UPC de la Mobilitat Sostenible (Martorell)","article_published_time":"2023-12-14T23:35:30+00:00","og_image":[{"width":1917,"height":1411,"url":"https:\/\/cms.upc.edu\/blog\/wp-content\/uploads\/2023\/12\/13.12.CARMAT.2.jpeg","type":"image\/jpeg"}],"author":"Marketing CMS","twitter_card":"summary_large_image","twitter_misc":{"Written by":"Marketing CMS","Est. reading time":"4 minuts"},"schema":{"@context":"https:\/\/schema.org","@graph":[{"@type":"Article","@id":"https:\/\/cms.upc.edu\/blog\/el-campus-de-la-mobilitat-sostenible-acull-la-clausura-del-carmat\/#article","isPartOf":{"@id":"https:\/\/cms.upc.edu\/blog\/el-campus-de-la-mobilitat-sostenible-acull-la-clausura-del-carmat\/"},"author":{"name":"Marketing CMS","@id":"https:\/\/cms.upc.edu\/blog\/#\/schema\/person\/0f3e6e8108ed3bce37f4c364dff9f128"},"headline":"El Campus de la Mobilitat Sostenible acull la clausura del CARMAT","datePublished":"2023-12-14T23:35:30+00:00","dateModified":"2023-12-14T23:35:30+00:00","mainEntityOfPage":{"@id":"https:\/\/cms.upc.edu\/blog\/el-campus-de-la-mobilitat-sostenible-acull-la-clausura-del-carmat\/"},"wordCount":506,"commentCount":0,"publisher":{"@id":"https:\/\/cms.upc.edu\/blog\/#organization"},"image":{"@id":"https:\/\/cms.upc.edu\/blog\/el-campus-de-la-mobilitat-sostenible-acull-la-clausura-del-carmat\/#primaryimage"},"thumbnailUrl":"https:\/\/cms.upc.edu\/blog\/wp-content\/uploads\/2023\/12\/13.12.CARMAT.2.jpeg","keywords":["CAMPUS Mobilitat Sostenible","CARMAT","carrosseria","CMS UPC","Cotxe Aut\u00f2nom","Formaci\u00f3 en Automoci\u00f3","Martorell","m\u00e0ster","Mobilitat Sostenible","SEAT"],"articleSection":["ACTUALITAT"],"inLanguage":"ca","potentialAction":[{"@type":"CommentAction","name":"Comment","target":["https:\/\/cms.upc.edu\/blog\/el-campus-de-la-mobilitat-sostenible-acull-la-clausura-del-carmat\/#respond"]}]},{"@type":"WebPage","@id":"https:\/\/cms.upc.edu\/blog\/el-campus-de-la-mobilitat-sostenible-acull-la-clausura-del-carmat\/","url":"https:\/\/cms.upc.edu\/blog\/el-campus-de-la-mobilitat-sostenible-acull-la-clausura-del-carmat\/","name":"El Campus de la Mobilitat Sostenible acull la clausura del CARMAT - Campus FPCAT-UPC de la Mobilitat Sostenible (Martorell)","isPartOf":{"@id":"https:\/\/cms.upc.edu\/blog\/#website"},"primaryImageOfPage":{"@id":"https:\/\/cms.upc.edu\/blog\/el-campus-de-la-mobilitat-sostenible-acull-la-clausura-del-carmat\/#primaryimage"},"image":{"@id":"https:\/\/cms.upc.edu\/blog\/el-campus-de-la-mobilitat-sostenible-acull-la-clausura-del-carmat\/#primaryimage"},"thumbnailUrl":"https:\/\/cms.upc.edu\/blog\/wp-content\/uploads\/2023\/12\/13.12.CARMAT.2.jpeg","datePublished":"2023-12-14T23:35:30+00:00","dateModified":"2023-12-14T23:35:30+00:00","breadcrumb":{"@id":"https:\/\/cms.upc.edu\/blog\/el-campus-de-la-mobilitat-sostenible-acull-la-clausura-del-carmat\/#breadcrumb"},"inLanguage":"ca","potentialAction":[{"@type":"ReadAction","target":["https:\/\/cms.upc.edu\/blog\/el-campus-de-la-mobilitat-sostenible-acull-la-clausura-del-carmat\/"]}]},{"@type":"ImageObject","inLanguage":"ca","@id":"https:\/\/cms.upc.edu\/blog\/el-campus-de-la-mobilitat-sostenible-acull-la-clausura-del-carmat\/#primaryimage","url":"https:\/\/cms.upc.edu\/blog\/wp-content\/uploads\/2023\/12\/13.12.CARMAT.2.jpeg","contentUrl":"https:\/\/cms.upc.edu\/blog\/wp-content\/uploads\/2023\/12\/13.12.CARMAT.2.jpeg","width":1917,"height":1411},{"@type":"BreadcrumbList","@id":"https:\/\/cms.upc.edu\/blog\/el-campus-de-la-mobilitat-sostenible-acull-la-clausura-del-carmat\/#breadcrumb","itemListElement":[{"@type":"ListItem","position":1,"name":"Home","item":"https:\/\/cms.upc.edu\/blog\/"},{"@type":"ListItem","position":2,"name":"El Campus de la Mobilitat Sostenible acull la clausura del CARMAT"}]},{"@type":"WebSite","@id":"https:\/\/cms.upc.edu\/blog\/#website","url":"https:\/\/cms.upc.edu\/blog\/","name":"Campus FPCAT-UPC de la Mobilitat Sostenible (Martorell)","description":"","publisher":{"@id":"https:\/\/cms.upc.edu\/blog\/#organization"},"potentialAction":[{"@type":"SearchAction","target":{"@type":"EntryPoint","urlTemplate":"https:\/\/cms.upc.edu\/blog\/?s={search_term_string}"},"query-input":"required name=search_term_string"}],"inLanguage":"ca"},{"@type":"Organization","@id":"https:\/\/cms.upc.edu\/blog\/#organization","name":"Campus FPCAT-UPC de la Mobilitat Sostenible (Martorell)","url":"https:\/\/cms.upc.edu\/blog\/","logo":{"@type":"ImageObject","inLanguage":"ca","@id":"https:\/\/cms.upc.edu\/blog\/#\/schema\/logo\/image\/","url":"https:\/\/cms.upc.edu\/blog\/wp-content\/uploads\/2023\/10\/cropped-Logo-complet-2-e1698626938696-3.png","contentUrl":"https:\/\/cms.upc.edu\/blog\/wp-content\/uploads\/2023\/10\/cropped-Logo-complet-2-e1698626938696-3.png","width":397,"height":70,"caption":"Campus FPCAT-UPC de la Mobilitat Sostenible (Martorell)"},"image":{"@id":"https:\/\/cms.upc.edu\/blog\/#\/schema\/logo\/image\/"}},{"@type":"Person","@id":"https:\/\/cms.upc.edu\/blog\/#\/schema\/person\/0f3e6e8108ed3bce37f4c364dff9f128","name":"Marketing CMS","image":{"@type":"ImageObject","inLanguage":"ca","@id":"https:\/\/cms.upc.edu\/blog\/#\/schema\/person\/image\/","url":"https:\/\/secure.gravatar.com\/avatar\/28b481434c3d928531a96171cc304eb1?s=96&d=mm&r=g","contentUrl":"https:\/\/secure.gravatar.com\/avatar\/28b481434c3d928531a96171cc304eb1?s=96&d=mm&r=g","caption":"Marketing CMS"},"url":"https:\/\/cms.upc.edu\/blog\/author\/marketingcms\/"}]}},"_links":{"self":[{"href":"https:\/\/cms.upc.edu\/blog\/wp-json\/wp\/v2\/posts\/405"}],"collection":[{"href":"https:\/\/cms.upc.edu\/blog\/wp-json\/wp\/v2\/posts"}],"about":[{"href":"https:\/\/cms.upc.edu\/blog\/wp-json\/wp\/v2\/types\/post"}],"author":[{"embeddable":true,"href":"https:\/\/cms.upc.edu\/blog\/wp-json\/wp\/v2\/users\/2"}],"replies":[{"embeddable":true,"href":"https:\/\/cms.upc.edu\/blog\/wp-json\/wp\/v2\/comments?post=405"}],"version-history":[{"count":3,"href":"https:\/\/cms.upc.edu\/blog\/wp-json\/wp\/v2\/posts\/405\/revisions"}],"predecessor-version":[{"id":420,"href":"https:\/\/cms.upc.edu\/blog\/wp-json\/wp\/v2\/posts\/405\/revisions\/420"}],"wp:featuredmedia":[{"embeddable":true,"href":"https:\/\/cms.upc.edu\/blog\/wp-json\/wp\/v2\/media\/406"}],"wp:attachment":[{"href":"https:\/\/cms.upc.edu\/blog\/wp-json\/wp\/v2\/media?parent=405"}],"wp:term":[{"taxonomy":"category","embeddable":true,"href":"https:\/\/cms.upc.edu\/blog\/wp-json\/wp\/v2\/categories?post=405"},{"taxonomy":"post_tag","embeddable":true,"href":"https:\/\/cms.upc.edu\/blog\/wp-json\/wp\/v2\/tags?post=405"}],"curies":[{"name":"wp","href":"https:\/\/api.w.org\/{rel}","templated":true}]}}