{"id":806,"date":"2025-04-04T13:24:50","date_gmt":"2025-04-04T11:24:50","guid":{"rendered":"https:\/\/cms.upc.edu\/blog\/?p=806"},"modified":"2025-04-04T13:29:56","modified_gmt":"2025-04-04T11:29:56","slug":"el-campus-upc-de-la-mobilitat-sostenible-obre-les-seves-portes","status":"publish","type":"post","link":"https:\/\/cms.upc.edu\/blog\/el-campus-upc-de-la-mobilitat-sostenible-obre-les-seves-portes\/","title":{"rendered":"El Campus UPC de la Mobilitat Sostenible obre les seves portes"},"content":{"rendered":"<p>El <a href=\"https:\/\/cms.upc.edu\/cat\/\"><span style=\"color: #0000ff;\"><strong>Campus UPC de la Mobilitat Sostenible<\/strong><\/span><\/a> organitza una <strong>jornada de Portes Obertes<\/strong> aquest dissabte 5 d\u2019abril amb l&#8217;objectiu de donar a con\u00e8ixer la nova oferta formativa que posar\u00e0 en marxa a partir del mes de setembre i que el converteix en el primer centre de Catalunya que titular\u00e0 amb FP a trav\u00e9s de Certificats Professionals.<\/p>\n<p>Els responsables del Campus UPC de la Mobilitat Sostenible explicaran a tothom que s\u2019apropi al centre en dues sessions (10h &#8211; 11h) en qu\u00e8 consisteix aquesta modalitat pionera que permetr\u00e0 als alumnes obtenir el t\u00edtol de Formaci\u00f3 Professional (FP) <strong>en automoci\u00f3, fabricaci\u00f3 mec\u00e0nica, electricitat i electr\u00f2nica o instal\u00b7laci\u00f3 i manteniment amb la suma de Certificats Professionals. <\/strong>Per aconseguir-ho, nom\u00e9s hauran de complementar aquests estudis amb les mat\u00e8ries transversals,<strong> a trav\u00e9s de l\u2019Institut Obert de Catalunya (IOC), <\/strong>i el treball de fi de grau.<\/p>\n<h1>Graus Mitj\u00e0 i Superior<\/h1>\n<p>Per tant, es tracta d\u2019un itinerari modular que atorga a l\u2019alumne major flexibilitat a l\u2019hora d\u2019escollir els estudis que m\u00e9s li agraden i al ritme que prefereixi. Les titulacions oficials que podran rebre els estudiants del Campus que completin els curso de Certificats Professionals, les mat\u00e8ries transversals i el treball de fi grau ser\u00e0:<\/p>\n<ul>\n<li><strong>Grau Mitj\u00e0: <\/strong>\n<ul>\n<li>Electromec\u00e0nica de vehicles autom\u00f2bils<\/li>\n<li>Manteniment electromec\u00e0nic<\/li>\n<li>Mecanitzaci\u00f3<\/li>\n<\/ul>\n<\/li>\n<li><strong>Grau Superior:<\/strong>\n<ul>\n<li>Automoci\u00f3<\/li>\n<li>Mecatr\u00f2nica industrial<\/li>\n<li>Programaci\u00f3 de la producci\u00f3 en fabricaci\u00f3 mec\u00e0nica<\/li>\n<li>Automatitzaci\u00f3 i rob\u00f2tica industrial<\/li>\n<\/ul>\n<\/li>\n<\/ul>\n<p>Totes aquestes novetats sorgeixen de l\u2019acord entre el Campus UPC de la Mobilitat Sostenible i el <strong>Departament d\u2019Educaci\u00f3 i Formaci\u00f3 Professional de la Generalitat<\/strong> arran del nou decret del Sistema de Formaci\u00f3 Professional. L\u2019acord tamb\u00e9 ha requerit la de coordinaci\u00f3 amb el Departament d\u2019Empresa i Treball de la Generalitat i el Servei d\u2019Ocupaci\u00f3 de Catalunya (SOC).<\/p>\n<h2><strong>Un miler d\u2019alumnes<\/strong><\/h2>\n<p>Avui, el Campus UPC de la Mobilitat Sostenible a Martorell acull un miler d\u2019estudiants, t\u00e9 disponibles prop de 200 formacions de sis fam\u00edlies formatives i un equip docent expert i amb el suport de la UPC.<\/p>\n<p>Tamb\u00e9 disposa d\u2019unes instal\u00b7lacions de primer nivell i totalment equipades pel desenvolupament de sessions te\u00f2riques i pr\u00e0ctiques amb material docent actual. El taller suma 2.300 metres quadrats distribu\u00efts en 5 zones de formaci\u00f3 diferenciades: \u00e0rea de mecanitzaci\u00f3 convencional i CNC, cabines de soldadura, \u00e0rea de manteniment de carrosseries, pintura de vehicles i \u00e0rea del vehicle el\u00e8ctric.<\/p>\n<p>El centre tamb\u00e9 compta amb 34 aules per donar resposta a tot tipus de formacions, un auditori amb capacitat per a 150 persones i una \u00e0mplia zona d\u2019aparcament exterior.<\/p>\n<p>La UPC \u00e9s l&#8217;entitat responsable de la gesti\u00f3 i l&#8217;explotaci\u00f3 del Campus des de 2022 i impulsa el projecte amb la complicitat de la <strong>Generalitat de Catalunya<\/strong>, el <strong>Servei d&#8217;Ocupaci\u00f3 de Catalunya<\/strong>, el <strong>Consorci per a la Formaci\u00f3 Cont\u00ednua de Catalunya<\/strong> i l&#8217;<strong>Ajuntament de Martorell<\/strong>.<\/p>\n","protected":false},"excerpt":{"rendered":"<p>El Campus UPC de la Mobilitat Sostenible organitza una jornada de Portes Obertes aquest dissabte 5 d\u2019abril amb l&#8217;objectiu de donar a con\u00e8ixer la nova oferta formativa que posar\u00e0 en marxa a partir del mes de setembre i que el converteix en el primer centre de Catalunya que titular\u00e0 amb FP a trav\u00e9s de Certificats [&hellip;]<\/p>\n","protected":false},"author":2,"featured_media":88,"comment_status":"open","ping_status":"open","sticky":false,"template":"","format":"standard","meta":{"footnotes":""},"categories":[3],"tags":[125,36,119,14,69,78,90,31,46,89,33],"yoast_head":"<!-- This site is optimized with the Yoast SEO plugin v22.5 - https:\/\/yoast.com\/wordpress\/plugins\/seo\/ -->\n<title>El Campus UPC de la Mobilitat Sostenible obre les seves portes - Campus FPCAT-UPC de la Mobilitat Sostenible (Martorell)<\/title>\n<meta name=\"description\" content=\"Ser\u00e0 el dissabte 5 d\u2019abril despr\u00e9s de convertir-se en el primer centre de Catalunya que titular\u00e0 amb FP a trav\u00e9s de Certificats Professionals\" \/>\n<meta name=\"robots\" content=\"index, follow, max-snippet:-1, max-image-preview:large, max-video-preview:-1\" \/>\n<link rel=\"canonical\" href=\"https:\/\/cms.upc.edu\/blog\/el-campus-upc-de-la-mobilitat-sostenible-obre-les-seves-portes\/\" \/>\n<meta property=\"og:locale\" content=\"ca_ES\" \/>\n<meta property=\"og:type\" content=\"article\" \/>\n<meta property=\"og:title\" content=\"El Campus UPC de la Mobilitat Sostenible obre les seves portes - Campus FPCAT-UPC de la Mobilitat Sostenible (Martorell)\" \/>\n<meta property=\"og:description\" content=\"Ser\u00e0 el dissabte 5 d\u2019abril despr\u00e9s de convertir-se en el primer centre de Catalunya que titular\u00e0 amb FP a trav\u00e9s de Certificats Professionals\" \/>\n<meta property=\"og:url\" content=\"https:\/\/cms.upc.edu\/blog\/el-campus-upc-de-la-mobilitat-sostenible-obre-les-seves-portes\/\" \/>\n<meta property=\"og:site_name\" content=\"Campus FPCAT-UPC de la Mobilitat Sostenible (Martorell)\" \/>\n<meta property=\"article:published_time\" content=\"2025-04-04T11:24:50+00:00\" \/>\n<meta property=\"article:modified_time\" content=\"2025-04-04T11:29:56+00:00\" \/>\n<meta property=\"og:image\" content=\"https:\/\/cms.upc.edu\/blog\/wp-content\/uploads\/2023\/10\/cropped-cropped-BLOG-2.jpg\" \/>\n\t<meta property=\"og:image:width\" content=\"2500\" \/>\n\t<meta property=\"og:image:height\" content=\"946\" \/>\n\t<meta property=\"og:image:type\" content=\"image\/jpeg\" \/>\n<meta name=\"author\" content=\"Marketing CMS\" \/>\n<meta name=\"twitter:card\" content=\"summary_large_image\" \/>\n<meta name=\"twitter:label1\" content=\"Written by\" \/>\n\t<meta name=\"twitter:data1\" content=\"Marketing CMS\" \/>\n\t<meta name=\"twitter:label2\" content=\"Est. reading time\" \/>\n\t<meta name=\"twitter:data2\" content=\"3 minuts\" \/>\n<script type=\"application\/ld+json\" class=\"yoast-schema-graph\">{\"@context\":\"https:\/\/schema.org\",\"@graph\":[{\"@type\":\"Article\",\"@id\":\"https:\/\/cms.upc.edu\/blog\/el-campus-upc-de-la-mobilitat-sostenible-obre-les-seves-portes\/#article\",\"isPartOf\":{\"@id\":\"https:\/\/cms.upc.edu\/blog\/el-campus-upc-de-la-mobilitat-sostenible-obre-les-seves-portes\/\"},\"author\":{\"name\":\"Marketing CMS\",\"@id\":\"https:\/\/cms.upc.edu\/blog\/#\/schema\/person\/0f3e6e8108ed3bce37f4c364dff9f128\"},\"headline\":\"El Campus UPC de la Mobilitat Sostenible obre les seves portes\",\"datePublished\":\"2025-04-04T11:24:50+00:00\",\"dateModified\":\"2025-04-04T11:29:56+00:00\",\"mainEntityOfPage\":{\"@id\":\"https:\/\/cms.upc.edu\/blog\/el-campus-upc-de-la-mobilitat-sostenible-obre-les-seves-portes\/\"},\"wordCount\":491,\"commentCount\":0,\"publisher\":{\"@id\":\"https:\/\/cms.upc.edu\/blog\/#organization\"},\"image\":{\"@id\":\"https:\/\/cms.upc.edu\/blog\/el-campus-upc-de-la-mobilitat-sostenible-obre-les-seves-portes\/#primaryimage\"},\"thumbnailUrl\":\"https:\/\/cms.upc.edu\/blog\/wp-content\/uploads\/2023\/10\/cropped-cropped-BLOG-2.jpg\",\"keywords\":[\"automoci\u00f3\",\"CAMPUS Mobilitat Sostenible\",\"Certificats de Professionalitat\",\"CMS UPC\",\"Formaci\u00f3 Professional\",\"FP\",\"innovaci\u00f3\",\"Martorell\",\"Soldadura\",\"SoldaduraTIG\",\"UPC\"],\"articleSection\":[\"ACTUALITAT\"],\"inLanguage\":\"ca\",\"potentialAction\":[{\"@type\":\"CommentAction\",\"name\":\"Comment\",\"target\":[\"https:\/\/cms.upc.edu\/blog\/el-campus-upc-de-la-mobilitat-sostenible-obre-les-seves-portes\/#respond\"]}]},{\"@type\":\"WebPage\",\"@id\":\"https:\/\/cms.upc.edu\/blog\/el-campus-upc-de-la-mobilitat-sostenible-obre-les-seves-portes\/\",\"url\":\"https:\/\/cms.upc.edu\/blog\/el-campus-upc-de-la-mobilitat-sostenible-obre-les-seves-portes\/\",\"name\":\"El Campus UPC de la Mobilitat Sostenible obre les seves portes - Campus FPCAT-UPC de la Mobilitat Sostenible (Martorell)\",\"isPartOf\":{\"@id\":\"https:\/\/cms.upc.edu\/blog\/#website\"},\"primaryImageOfPage\":{\"@id\":\"https:\/\/cms.upc.edu\/blog\/el-campus-upc-de-la-mobilitat-sostenible-obre-les-seves-portes\/#primaryimage\"},\"image\":{\"@id\":\"https:\/\/cms.upc.edu\/blog\/el-campus-upc-de-la-mobilitat-sostenible-obre-les-seves-portes\/#primaryimage\"},\"thumbnailUrl\":\"https:\/\/cms.upc.edu\/blog\/wp-content\/uploads\/2023\/10\/cropped-cropped-BLOG-2.jpg\",\"datePublished\":\"2025-04-04T11:24:50+00:00\",\"dateModified\":\"2025-04-04T11:29:56+00:00\",\"description\":\"Ser\u00e0 el dissabte 5 d\u2019abril despr\u00e9s de convertir-se en el primer centre de Catalunya que titular\u00e0 amb FP a trav\u00e9s de Certificats Professionals\",\"breadcrumb\":{\"@id\":\"https:\/\/cms.upc.edu\/blog\/el-campus-upc-de-la-mobilitat-sostenible-obre-les-seves-portes\/#breadcrumb\"},\"inLanguage\":\"ca\",\"potentialAction\":[{\"@type\":\"ReadAction\",\"target\":[\"https:\/\/cms.upc.edu\/blog\/el-campus-upc-de-la-mobilitat-sostenible-obre-les-seves-portes\/\"]}]},{\"@type\":\"ImageObject\",\"inLanguage\":\"ca\",\"@id\":\"https:\/\/cms.upc.edu\/blog\/el-campus-upc-de-la-mobilitat-sostenible-obre-les-seves-portes\/#primaryimage\",\"url\":\"https:\/\/cms.upc.edu\/blog\/wp-content\/uploads\/2023\/10\/cropped-cropped-BLOG-2.jpg\",\"contentUrl\":\"https:\/\/cms.upc.edu\/blog\/wp-content\/uploads\/2023\/10\/cropped-cropped-BLOG-2.jpg\",\"width\":2500,\"height\":946},{\"@type\":\"BreadcrumbList\",\"@id\":\"https:\/\/cms.upc.edu\/blog\/el-campus-upc-de-la-mobilitat-sostenible-obre-les-seves-portes\/#breadcrumb\",\"itemListElement\":[{\"@type\":\"ListItem\",\"position\":1,\"name\":\"Home\",\"item\":\"https:\/\/cms.upc.edu\/blog\/\"},{\"@type\":\"ListItem\",\"position\":2,\"name\":\"El Campus UPC de la Mobilitat Sostenible obre les seves portes\"}]},{\"@type\":\"WebSite\",\"@id\":\"https:\/\/cms.upc.edu\/blog\/#website\",\"url\":\"https:\/\/cms.upc.edu\/blog\/\",\"name\":\"Campus FPCAT-UPC de la Mobilitat Sostenible (Martorell)\",\"description\":\"\",\"publisher\":{\"@id\":\"https:\/\/cms.upc.edu\/blog\/#organization\"},\"potentialAction\":[{\"@type\":\"SearchAction\",\"target\":{\"@type\":\"EntryPoint\",\"urlTemplate\":\"https:\/\/cms.upc.edu\/blog\/?s={search_term_string}\"},\"query-input\":\"required name=search_term_string\"}],\"inLanguage\":\"ca\"},{\"@type\":\"Organization\",\"@id\":\"https:\/\/cms.upc.edu\/blog\/#organization\",\"name\":\"Campus FPCAT-UPC de la Mobilitat Sostenible (Martorell)\",\"url\":\"https:\/\/cms.upc.edu\/blog\/\",\"logo\":{\"@type\":\"ImageObject\",\"inLanguage\":\"ca\",\"@id\":\"https:\/\/cms.upc.edu\/blog\/#\/schema\/logo\/image\/\",\"url\":\"https:\/\/cms.upc.edu\/blog\/wp-content\/uploads\/2023\/10\/cropped-Logo-complet-2-e1698626938696-3.png\",\"contentUrl\":\"https:\/\/cms.upc.edu\/blog\/wp-content\/uploads\/2023\/10\/cropped-Logo-complet-2-e1698626938696-3.png\",\"width\":397,\"height\":70,\"caption\":\"Campus FPCAT-UPC de la Mobilitat Sostenible (Martorell)\"},\"image\":{\"@id\":\"https:\/\/cms.upc.edu\/blog\/#\/schema\/logo\/image\/\"}},{\"@type\":\"Person\",\"@id\":\"https:\/\/cms.upc.edu\/blog\/#\/schema\/person\/0f3e6e8108ed3bce37f4c364dff9f128\",\"name\":\"Marketing CMS\",\"image\":{\"@type\":\"ImageObject\",\"inLanguage\":\"ca\",\"@id\":\"https:\/\/cms.upc.edu\/blog\/#\/schema\/person\/image\/\",\"url\":\"https:\/\/secure.gravatar.com\/avatar\/28b481434c3d928531a96171cc304eb1?s=96&d=mm&r=g\",\"contentUrl\":\"https:\/\/secure.gravatar.com\/avatar\/28b481434c3d928531a96171cc304eb1?s=96&d=mm&r=g\",\"caption\":\"Marketing CMS\"},\"url\":\"https:\/\/cms.upc.edu\/blog\/author\/marketingcms\/\"}]}<\/script>\n<!-- \/ Yoast SEO plugin. -->","yoast_head_json":{"title":"El Campus UPC de la Mobilitat Sostenible obre les seves portes - Campus FPCAT-UPC de la Mobilitat Sostenible (Martorell)","description":"Ser\u00e0 el dissabte 5 d\u2019abril despr\u00e9s de convertir-se en el primer centre de Catalunya que titular\u00e0 amb FP a trav\u00e9s de Certificats Professionals","robots":{"index":"index","follow":"follow","max-snippet":"max-snippet:-1","max-image-preview":"max-image-preview:large","max-video-preview":"max-video-preview:-1"},"canonical":"https:\/\/cms.upc.edu\/blog\/el-campus-upc-de-la-mobilitat-sostenible-obre-les-seves-portes\/","og_locale":"ca_ES","og_type":"article","og_title":"El Campus UPC de la Mobilitat Sostenible obre les seves portes - Campus FPCAT-UPC de la Mobilitat Sostenible (Martorell)","og_description":"Ser\u00e0 el dissabte 5 d\u2019abril despr\u00e9s de convertir-se en el primer centre de Catalunya que titular\u00e0 amb FP a trav\u00e9s de Certificats Professionals","og_url":"https:\/\/cms.upc.edu\/blog\/el-campus-upc-de-la-mobilitat-sostenible-obre-les-seves-portes\/","og_site_name":"Campus FPCAT-UPC de la Mobilitat Sostenible (Martorell)","article_published_time":"2025-04-04T11:24:50+00:00","article_modified_time":"2025-04-04T11:29:56+00:00","og_image":[{"width":2500,"height":946,"url":"https:\/\/cms.upc.edu\/blog\/wp-content\/uploads\/2023\/10\/cropped-cropped-BLOG-2.jpg","type":"image\/jpeg"}],"author":"Marketing CMS","twitter_card":"summary_large_image","twitter_misc":{"Written by":"Marketing CMS","Est. reading time":"3 minuts"},"schema":{"@context":"https:\/\/schema.org","@graph":[{"@type":"Article","@id":"https:\/\/cms.upc.edu\/blog\/el-campus-upc-de-la-mobilitat-sostenible-obre-les-seves-portes\/#article","isPartOf":{"@id":"https:\/\/cms.upc.edu\/blog\/el-campus-upc-de-la-mobilitat-sostenible-obre-les-seves-portes\/"},"author":{"name":"Marketing CMS","@id":"https:\/\/cms.upc.edu\/blog\/#\/schema\/person\/0f3e6e8108ed3bce37f4c364dff9f128"},"headline":"El Campus UPC de la Mobilitat Sostenible obre les seves portes","datePublished":"2025-04-04T11:24:50+00:00","dateModified":"2025-04-04T11:29:56+00:00","mainEntityOfPage":{"@id":"https:\/\/cms.upc.edu\/blog\/el-campus-upc-de-la-mobilitat-sostenible-obre-les-seves-portes\/"},"wordCount":491,"commentCount":0,"publisher":{"@id":"https:\/\/cms.upc.edu\/blog\/#organization"},"image":{"@id":"https:\/\/cms.upc.edu\/blog\/el-campus-upc-de-la-mobilitat-sostenible-obre-les-seves-portes\/#primaryimage"},"thumbnailUrl":"https:\/\/cms.upc.edu\/blog\/wp-content\/uploads\/2023\/10\/cropped-cropped-BLOG-2.jpg","keywords":["automoci\u00f3","CAMPUS Mobilitat Sostenible","Certificats de Professionalitat","CMS UPC","Formaci\u00f3 Professional","FP","innovaci\u00f3","Martorell","Soldadura","SoldaduraTIG","UPC"],"articleSection":["ACTUALITAT"],"inLanguage":"ca","potentialAction":[{"@type":"CommentAction","name":"Comment","target":["https:\/\/cms.upc.edu\/blog\/el-campus-upc-de-la-mobilitat-sostenible-obre-les-seves-portes\/#respond"]}]},{"@type":"WebPage","@id":"https:\/\/cms.upc.edu\/blog\/el-campus-upc-de-la-mobilitat-sostenible-obre-les-seves-portes\/","url":"https:\/\/cms.upc.edu\/blog\/el-campus-upc-de-la-mobilitat-sostenible-obre-les-seves-portes\/","name":"El Campus UPC de la Mobilitat Sostenible obre les seves portes - Campus FPCAT-UPC de la Mobilitat Sostenible (Martorell)","isPartOf":{"@id":"https:\/\/cms.upc.edu\/blog\/#website"},"primaryImageOfPage":{"@id":"https:\/\/cms.upc.edu\/blog\/el-campus-upc-de-la-mobilitat-sostenible-obre-les-seves-portes\/#primaryimage"},"image":{"@id":"https:\/\/cms.upc.edu\/blog\/el-campus-upc-de-la-mobilitat-sostenible-obre-les-seves-portes\/#primaryimage"},"thumbnailUrl":"https:\/\/cms.upc.edu\/blog\/wp-content\/uploads\/2023\/10\/cropped-cropped-BLOG-2.jpg","datePublished":"2025-04-04T11:24:50+00:00","dateModified":"2025-04-04T11:29:56+00:00","description":"Ser\u00e0 el dissabte 5 d\u2019abril despr\u00e9s de convertir-se en el primer centre de Catalunya que titular\u00e0 amb FP a trav\u00e9s de Certificats Professionals","breadcrumb":{"@id":"https:\/\/cms.upc.edu\/blog\/el-campus-upc-de-la-mobilitat-sostenible-obre-les-seves-portes\/#breadcrumb"},"inLanguage":"ca","potentialAction":[{"@type":"ReadAction","target":["https:\/\/cms.upc.edu\/blog\/el-campus-upc-de-la-mobilitat-sostenible-obre-les-seves-portes\/"]}]},{"@type":"ImageObject","inLanguage":"ca","@id":"https:\/\/cms.upc.edu\/blog\/el-campus-upc-de-la-mobilitat-sostenible-obre-les-seves-portes\/#primaryimage","url":"https:\/\/cms.upc.edu\/blog\/wp-content\/uploads\/2023\/10\/cropped-cropped-BLOG-2.jpg","contentUrl":"https:\/\/cms.upc.edu\/blog\/wp-content\/uploads\/2023\/10\/cropped-cropped-BLOG-2.jpg","width":2500,"height":946},{"@type":"BreadcrumbList","@id":"https:\/\/cms.upc.edu\/blog\/el-campus-upc-de-la-mobilitat-sostenible-obre-les-seves-portes\/#breadcrumb","itemListElement":[{"@type":"ListItem","position":1,"name":"Home","item":"https:\/\/cms.upc.edu\/blog\/"},{"@type":"ListItem","position":2,"name":"El Campus UPC de la Mobilitat Sostenible obre les seves portes"}]},{"@type":"WebSite","@id":"https:\/\/cms.upc.edu\/blog\/#website","url":"https:\/\/cms.upc.edu\/blog\/","name":"Campus FPCAT-UPC de la Mobilitat Sostenible (Martorell)","description":"","publisher":{"@id":"https:\/\/cms.upc.edu\/blog\/#organization"},"potentialAction":[{"@type":"SearchAction","target":{"@type":"EntryPoint","urlTemplate":"https:\/\/cms.upc.edu\/blog\/?s={search_term_string}"},"query-input":"required name=search_term_string"}],"inLanguage":"ca"},{"@type":"Organization","@id":"https:\/\/cms.upc.edu\/blog\/#organization","name":"Campus FPCAT-UPC de la Mobilitat Sostenible (Martorell)","url":"https:\/\/cms.upc.edu\/blog\/","logo":{"@type":"ImageObject","inLanguage":"ca","@id":"https:\/\/cms.upc.edu\/blog\/#\/schema\/logo\/image\/","url":"https:\/\/cms.upc.edu\/blog\/wp-content\/uploads\/2023\/10\/cropped-Logo-complet-2-e1698626938696-3.png","contentUrl":"https:\/\/cms.upc.edu\/blog\/wp-content\/uploads\/2023\/10\/cropped-Logo-complet-2-e1698626938696-3.png","width":397,"height":70,"caption":"Campus FPCAT-UPC de la Mobilitat Sostenible (Martorell)"},"image":{"@id":"https:\/\/cms.upc.edu\/blog\/#\/schema\/logo\/image\/"}},{"@type":"Person","@id":"https:\/\/cms.upc.edu\/blog\/#\/schema\/person\/0f3e6e8108ed3bce37f4c364dff9f128","name":"Marketing CMS","image":{"@type":"ImageObject","inLanguage":"ca","@id":"https:\/\/cms.upc.edu\/blog\/#\/schema\/person\/image\/","url":"https:\/\/secure.gravatar.com\/avatar\/28b481434c3d928531a96171cc304eb1?s=96&d=mm&r=g","contentUrl":"https:\/\/secure.gravatar.com\/avatar\/28b481434c3d928531a96171cc304eb1?s=96&d=mm&r=g","caption":"Marketing CMS"},"url":"https:\/\/cms.upc.edu\/blog\/author\/marketingcms\/"}]}},"_links":{"self":[{"href":"https:\/\/cms.upc.edu\/blog\/wp-json\/wp\/v2\/posts\/806"}],"collection":[{"href":"https:\/\/cms.upc.edu\/blog\/wp-json\/wp\/v2\/posts"}],"about":[{"href":"https:\/\/cms.upc.edu\/blog\/wp-json\/wp\/v2\/types\/post"}],"author":[{"embeddable":true,"href":"https:\/\/cms.upc.edu\/blog\/wp-json\/wp\/v2\/users\/2"}],"replies":[{"embeddable":true,"href":"https:\/\/cms.upc.edu\/blog\/wp-json\/wp\/v2\/comments?post=806"}],"version-history":[{"count":2,"href":"https:\/\/cms.upc.edu\/blog\/wp-json\/wp\/v2\/posts\/806\/revisions"}],"predecessor-version":[{"id":812,"href":"https:\/\/cms.upc.edu\/blog\/wp-json\/wp\/v2\/posts\/806\/revisions\/812"}],"wp:featuredmedia":[{"embeddable":true,"href":"https:\/\/cms.upc.edu\/blog\/wp-json\/wp\/v2\/media\/88"}],"wp:attachment":[{"href":"https:\/\/cms.upc.edu\/blog\/wp-json\/wp\/v2\/media?parent=806"}],"wp:term":[{"taxonomy":"category","embeddable":true,"href":"https:\/\/cms.upc.edu\/blog\/wp-json\/wp\/v2\/categories?post=806"},{"taxonomy":"post_tag","embeddable":true,"href":"https:\/\/cms.upc.edu\/blog\/wp-json\/wp\/v2\/tags?post=806"}],"curies":[{"name":"wp","href":"https:\/\/api.w.org\/{rel}","templated":true}]}}